{"id":13314,"date":"2020-09-02T11:56:57","date_gmt":"2020-09-02T09:56:57","guid":{"rendered":"https:\/\/www.semainedelecriture.fr\/?p=13314"},"modified":"2020-09-02T12:24:26","modified_gmt":"2020-09-02T10:24:26","slug":"le-nouveau-livre-de-michel-ganivet","status":"publish","type":"post","link":"https:\/\/www.semainedelecriture.fr\/index.php\/2020\/09\/02\/le-nouveau-livre-de-michel-ganivet\/","title":{"rendered":"Le nouveau  livre de Michel Ganivet"},"content":{"rendered":"\n<div class=\"wp-block-image\"><figure class=\"alignleft size-large is-resized\"><img loading=\"lazy\" decoding=\"async\" src=\"https:\/\/www.semainedelecriture.fr\/wp-content\/uploads\/2020\/09\/Michel_Ganiveti.jpg\" alt=\"\" class=\"wp-image-13312\" width=\"106\" height=\"154\" srcset=\"https:\/\/www.semainedelecriture.fr\/wp-content\/uploads\/2020\/09\/Michel_Ganiveti.jpg 425w, https:\/\/www.semainedelecriture.fr\/wp-content\/uploads\/2020\/09\/Michel_Ganiveti-207x300.jpg 207w\" sizes=\"auto, (max-width: 106px) 100vw, 106px\" \/><\/figure><\/div>\n\n\n\n<p>Michel GANIVET est <strong>membre du jury<\/strong> de la Semaine de l&rsquo;\u00e9criture. <br>N\u00e9 en 1947, journaliste, il a consacr\u00e9 sa retraite \u00e0 \u00e9crire articles et ouvrages sur l\u2019histoire de sa r\u00e9gion, l\u2019ancienne province du Perche. En 2018, il a d\u00e9cid\u00e9 de s\u2019int\u00e9resser au roman afin d\u2019associer ses th\u00e8mes favoris (histoire des familles, des villages, histoire g\u00e9n\u00e9rale, patrimoine, musique, livres) \u00e0 une d\u00e9marche de cr\u00e9ation. <strong>\u00ab\u00a0Une m\u00e9lodie qui n\u2019en finit jamais\u00a0\u00bb<\/strong>, roman \u00e9dit\u00e9 par l\u2019interm\u00e9diaire de Librinova, est paru en avril 2020. Il raconte la vie de personnages en qu\u00eate de leurs racines, d\u2019une famille d\u00e9sireuse d\u2019en finir avec des secrets trop bien gard\u00e9s. Ces \u00eatres que la vie a tenu \u00e0 distance les uns des autres vont ainsi se d\u00e9couvrir et se composer un nouvel avenir.<\/p>\n\n\n\n<p>Voir blog d\u2019auteur&nbsp;: <a href=\"http:\/\/www.michelganivet.com\" target=\"_blank\" rel=\"noreferrer noopener\" aria-label=\"www.michelganivet.com (s\u2019ouvre dans un nouvel onglet)\">www.michelganivet.com<\/a><\/p>\n","protected":false},"excerpt":{"rendered":"<p>Michel GANIVET est membre du jury de la Semaine de l&rsquo;\u00e9criture. N\u00e9 en 1947, journaliste, il a consacr\u00e9 sa retraite \u00e0 \u00e9crire articles et ouvrages sur l\u2019histoire de sa r\u00e9gion, l\u2019ancienne province du Perche. En 2018, il a d\u00e9cid\u00e9 de &hellip; <a href=\"https:\/\/www.semainedelecriture.fr\/index.php\/2020\/09\/02\/le-nouveau-livre-de-michel-ganivet\/\">Lire la suite\u00ad\u00ad<\/a><\/p>\n","protected":false},"author":1,"featured_media":13311,"comment_status":"closed","ping_status":"open","sticky":false,"template":"","format":"standard","meta":{"_mi_skip_tracking":false,"kt_blocks_editor_width":"","footnotes":""},"categories":[8],"tags":[],"class_list":["post-13314","post","type-post","status-publish","format-standard","has-post-thumbnail","hentry","category-actu"],"_links":{"self":[{"href":"https:\/\/www.semainedelecriture.fr\/index.php\/wp-json\/wp\/v2\/posts\/13314","targetHints":{"allow":["GET"]}}],"collection":[{"href":"https:\/\/www.semainedelecriture.fr\/index.php\/wp-json\/wp\/v2\/posts"}],"about":[{"href":"https:\/\/www.semainedelecriture.fr\/index.php\/wp-json\/wp\/v2\/types\/post"}],"author":[{"embeddable":true,"href":"https:\/\/www.semainedelecriture.fr\/index.php\/wp-json\/wp\/v2\/users\/1"}],"replies":[{"embeddable":true,"href":"https:\/\/www.semainedelecriture.fr\/index.php\/wp-json\/wp\/v2\/comments?post=13314"}],"version-history":[{"count":9,"href":"https:\/\/www.semainedelecriture.fr\/index.php\/wp-json\/wp\/v2\/posts\/13314\/revisions"}],"predecessor-version":[{"id":13327,"href":"https:\/\/www.semainedelecriture.fr\/index.php\/wp-json\/wp\/v2\/posts\/13314\/revisions\/13327"}],"wp:featuredmedia":[{"embeddable":true,"href":"https:\/\/www.semainedelecriture.fr\/index.php\/wp-json\/wp\/v2\/media\/13311"}],"wp:attachment":[{"href":"https:\/\/www.semainedelecriture.fr\/index.php\/wp-json\/wp\/v2\/media?parent=13314"}],"wp:term":[{"taxonomy":"category","embeddable":true,"href":"https:\/\/www.semainedelecriture.fr\/index.php\/wp-json\/wp\/v2\/categories?post=13314"},{"taxonomy":"post_tag","embeddable":true,"href":"https:\/\/www.semainedelecriture.fr\/index.php\/wp-json\/wp\/v2\/tags?post=13314"}],"curies":[{"name":"wp","href":"https:\/\/api.w.org\/{rel}","templated":true}]}}