{"id":16341,"date":"2021-01-03T12:54:55","date_gmt":"2021-01-03T11:54:55","guid":{"rendered":"https:\/\/www.semainedelecriture.fr\/?p=16341"},"modified":"2023-09-07T20:00:02","modified_gmt":"2023-09-07T18:00:02","slug":"le-jury-2020-dans-la-presse","status":"publish","type":"post","link":"https:\/\/www.semainedelecriture.fr\/index.php\/2021\/01\/03\/le-jury-2020-dans-la-presse\/","title":{"rendered":"Le jury 2020 dans la Presse"},"content":{"rendered":"\n<h5 class=\"has-text-align-center wp-block-heading\">Voici 2 articles qui parlent du jury qui s&rsquo;est r\u00e9uni \u00e0 Bell\u00eame pour \u00e9lire les laur\u00e9ats.<\/h5>\n\n\n<div class=\"wp-block-image\">\n<figure class=\"aligncenter\"><a href=\"https:\/\/actu.fr\/normandie\/belleme_61038\/la-semaine-de-l-ecriture-s-est-installee-a-belleme-avec-patrice-laffont_38376698.html\" target=\"_blank\" rel=\"noreferrer noopener\"><img loading=\"lazy\" decoding=\"async\" width=\"206\" height=\"51\" src=\"https:\/\/www.semainedelecriture.fr\/wp-content\/uploads\/2019\/11\/le-perche.jpg\" alt=\"\" class=\"wp-image-10715\"\/><\/a><\/figure><\/div>\n\n\n<p class=\"has-text-align-center\"><strong>La semaine de l\u2019\u00e9criture s\u2019est install\u00e9e \u00e0 Bell\u00eame avec Patrice Laffont<br><\/strong>(29 d\u00e9cembre 2020 )<\/p>\n\n\n<div class=\"wp-block-image is-style-default\">\n<figure class=\"aligncenter is-resized\"><a href=\"https:\/\/alencon.maville.com\/actu\/actudet_-orne.-semaine-de-l-ecriture-patrice-laffont-a-dechiffre-des-lettres_loc-4437275_actu.Htm?xtor=RSS-4&amp;utm_source=RSS_MVI_alencon&amp;utm_medium=RSS&amp;utm_campaign=RSS\" target=\"_blank\" rel=\"noreferrer noopener\"><img loading=\"lazy\" decoding=\"async\" src=\"https:\/\/www.semainedelecriture.fr\/wp-content\/uploads\/2021\/01\/logo_maville.svg\" alt=\"\" class=\"wp-image-16333\" width=\"205\" height=\"50\"\/><\/a><\/figure><\/div>\n\n\n<p class=\"has-text-align-center\"><strong>Patrice Laffont a d\u00e9chiffr\u00e9 des lettres<br><\/strong>(28 d\u00e9cembre 2020 )<\/p>\n","protected":false},"excerpt":{"rendered":"<p>Voici 2 articles qui parlent du jury qui s&rsquo;est r\u00e9uni \u00e0 Bell\u00eame pour \u00e9lire les laur\u00e9ats. La semaine de l\u2019\u00e9criture s\u2019est install\u00e9e \u00e0 Bell\u00eame avec Patrice Laffont(29 d\u00e9cembre 2020 ) Patrice Laffont a d\u00e9chiffr\u00e9 des lettres(28 d\u00e9cembre 2020 )<\/p>\n","protected":false},"author":1,"featured_media":16344,"comment_status":"closed","ping_status":"open","sticky":false,"template":"","format":"standard","meta":{"_mi_skip_tracking":false,"kt_blocks_editor_width":"","footnotes":""},"categories":[1],"tags":[],"class_list":["post-16341","post","type-post","status-publish","format-standard","has-post-thumbnail","hentry","category-non-classe"],"_links":{"self":[{"href":"https:\/\/www.semainedelecriture.fr\/index.php\/wp-json\/wp\/v2\/posts\/16341","targetHints":{"allow":["GET"]}}],"collection":[{"href":"https:\/\/www.semainedelecriture.fr\/index.php\/wp-json\/wp\/v2\/posts"}],"about":[{"href":"https:\/\/www.semainedelecriture.fr\/index.php\/wp-json\/wp\/v2\/types\/post"}],"author":[{"embeddable":true,"href":"https:\/\/www.semainedelecriture.fr\/index.php\/wp-json\/wp\/v2\/users\/1"}],"replies":[{"embeddable":true,"href":"https:\/\/www.semainedelecriture.fr\/index.php\/wp-json\/wp\/v2\/comments?post=16341"}],"version-history":[{"count":4,"href":"https:\/\/www.semainedelecriture.fr\/index.php\/wp-json\/wp\/v2\/posts\/16341\/revisions"}],"predecessor-version":[{"id":22449,"href":"https:\/\/www.semainedelecriture.fr\/index.php\/wp-json\/wp\/v2\/posts\/16341\/revisions\/22449"}],"wp:featuredmedia":[{"embeddable":true,"href":"https:\/\/www.semainedelecriture.fr\/index.php\/wp-json\/wp\/v2\/media\/16344"}],"wp:attachment":[{"href":"https:\/\/www.semainedelecriture.fr\/index.php\/wp-json\/wp\/v2\/media?parent=16341"}],"wp:term":[{"taxonomy":"category","embeddable":true,"href":"https:\/\/www.semainedelecriture.fr\/index.php\/wp-json\/wp\/v2\/categories?post=16341"},{"taxonomy":"post_tag","embeddable":true,"href":"https:\/\/www.semainedelecriture.fr\/index.php\/wp-json\/wp\/v2\/tags?post=16341"}],"curies":[{"name":"wp","href":"https:\/\/api.w.org\/{rel}","templated":true}]}}