{"id":21940,"date":"2022-11-21T19:15:25","date_gmt":"2022-11-21T18:15:25","guid":{"rendered":"https:\/\/www.semainedelecriture.fr\/?p=21940"},"modified":"2022-11-24T18:59:36","modified_gmt":"2022-11-24T17:59:36","slug":"laureats-du-concours-2022","status":"publish","type":"post","link":"https:\/\/www.semainedelecriture.fr\/index.php\/2022\/11\/21\/laureats-du-concours-2022\/","title":{"rendered":"Laur\u00e9ats du concours 2022"},"content":{"rendered":"\n<p class=\"has-text-align-center\"><strong><a href=\"#CP\">CP&nbsp;\/<\/a>&nbsp;<a href=\"#CE\">CE1-CE2 \/<\/a>&nbsp;<a href=\"#CM\">CM1-CM2<\/a><a href=\"https:\/\/www.semainedelecriture.fr\/wp-admin\/post.php?post=10813&amp;action=edit#CM1_2017\"> \/<\/a>&nbsp;<a href=\"#65\">6e-5e<\/a><a href=\"https:\/\/www.semainedelecriture.fr\/wp-admin\/post.php?post=10813&amp;action=edit#6_2017\"> \/<\/a>&nbsp;<a href=\"#43_Lycee\">4e-3e-Lyc\u00e9e<\/a><a href=\"#4_2019\"> \/<\/a>&nbsp;<a href=\"#Autres\">Autres<\/a>\/ <a href=\"#AD\">Adultes<\/a><\/strong><\/p>\n\n\n\n<h4 class=\"has-text-align-center wp-block-heading\" id=\"CP\"><strong>CP<\/strong><\/h4>\n\n\n\n<p class=\"has-text-align-center\"><strong>1er<\/strong>&nbsp;:&nbsp;Nassim<strong> <\/strong>\/\/  \u00c9cole <strong>Jules Verne <\/strong>&#8211; 93330 NEUILLY SUR MARNE<\/p>\n\n\n\n<div class=\"wp-block-image\"><figure class=\"aligncenter size-full is-resized\"><a href=\"https:\/\/www.semainedelecriture.fr\/wp-content\/uploads\/2022\/11\/CP-1.jpg\"><img loading=\"lazy\" decoding=\"async\" src=\"https:\/\/www.semainedelecriture.fr\/wp-content\/uploads\/2022\/11\/CP-1v.jpg\" alt=\"\" class=\"wp-image-21990\" width=\"80\" height=\"64\"\/><\/a><\/figure><\/div>\n\n\n\n<p class=\"has-text-align-center\"> <strong>2e&nbsp;<\/strong>: Nathan <strong>LEVILLAIN <\/strong>\/\/  \u00c9cole <strong>Jeanne d&rsquo;Arc<\/strong> &#8211; 50370 BR\u00c9CEY<\/p>\n\n\n\n<div class=\"wp-block-image\"><figure class=\"aligncenter size-full\"><a href=\"https:\/\/www.semainedelecriture.fr\/wp-content\/uploads\/2022\/11\/CP-2.jpg\"><img loading=\"lazy\" decoding=\"async\" width=\"80\" height=\"66\" src=\"https:\/\/www.semainedelecriture.fr\/wp-content\/uploads\/2022\/11\/CP-2-v.jpg\" alt=\"\" class=\"wp-image-21992\"\/><\/a><\/figure><\/div>\n\n\n\n<p class=\"has-text-align-center\"> <strong>3e<\/strong> : Aaron <strong>BLANC <\/strong>\/\/  \u00c9cole <strong>Jean Bonijol<\/strong> &#8211; 48000 MENDE<\/p>\n\n\n\n<div class=\"wp-block-image\"><figure class=\"aligncenter size-large\"><a href=\"https:\/\/www.semainedelecriture.fr\/wp-content\/uploads\/2022\/11\/CP-3.jpg\"><img decoding=\"async\" src=\"https:\/\/www.semainedelecriture.fr\/wp-content\/uploads\/2022\/11\/CP-3-v.jpg\" alt=\"\"\/><\/a><\/figure><\/div>\n\n\n\n<p class=\"has-text-align-center\"><strong>4e<\/strong> : Abby-Gaelle <strong>VANTOUROUX <\/strong>\/\/ \u00c9cole <strong>Nelson Mandela <\/strong>&#8211; 62680 MERICOURT<br><strong>5e<\/strong> : Meylie <strong>CHALAN\u00c7ON<\/strong> <strong>PAYET <\/strong>\/\/ \u00c9cole primaire &#8211; 73420 DRUMETTAZ-CLARAFOND<br><strong>6e<\/strong> : Paul <strong>TEROL <\/strong>\/\/ \u00c9cole <strong>Jean Bonijol<\/strong> &#8211; 48000 MENDE<br><strong>7e<\/strong> : Yannis <strong>MAROUS <\/strong>\/\/ \u00c9cole <strong>Paul Bert <\/strong>&#8211; 89340 CHAUMONT<br><strong>8e<\/strong> : Alita <strong>ASKHAPOVA <\/strong>\/\/ \u00c9cole primaire <strong>Rancher 2 <\/strong>&#8211; 06100 NICE<br><strong>9e<\/strong> : Nayel<strong> <\/strong>\/\/ \u00c9cole <strong><strong>Jules Verne <\/strong><\/strong>&#8211; 93330 NEUILLY SUR MARNE <br> <strong>10e<\/strong> : Lola <strong>GU\u00c9RIN <\/strong>\/\/ \u00c9cole <strong><strong>Nelson Mandela<\/strong><\/strong> &#8211; 62680 MERICOURT <\/p>\n\n\n\n<hr class=\"wp-block-separator\"\/>\n\n\n\n<h4 class=\"has-text-align-center wp-block-heading\" id=\"CE\">CE1-CE2<\/h4>\n\n\n\n<p class=\"has-text-align-center\"><strong>1er <\/strong>: Arlann <strong>PIE <\/strong>\/\/ \u00c9cole <strong>Saint Pierre Saint Paul<\/strong> &#8211; 28109 DREUX<\/p>\n\n\n\n<div class=\"wp-block-image\"><figure class=\"aligncenter size-large\"><a href=\"https:\/\/www.semainedelecriture.fr\/wp-content\/uploads\/2022\/11\/CE-1.jpg\"><img decoding=\"async\" src=\"https:\/\/www.semainedelecriture.fr\/wp-content\/uploads\/2022\/11\/CE-1-v.jpg\" alt=\"\"\/><\/a><\/figure><\/div>\n\n\n\n<p class=\"has-text-align-center\"><strong>2e<\/strong> : Beno\u00eet <strong>GAILLARD<\/strong>\/\/ \u00c9cole publique &#8211; 01500 CHATEAU-GAILLARD<\/p>\n\n\n\n<div class=\"wp-block-image\"><figure class=\"aligncenter size-large\"><a href=\"https:\/\/www.semainedelecriture.fr\/wp-content\/uploads\/2022\/11\/CE-2.jpg\"><img decoding=\"async\" src=\"https:\/\/www.semainedelecriture.fr\/wp-content\/uploads\/2022\/11\/CE-2-v.jpg\" alt=\"\"\/><\/a><\/figure><\/div>\n\n\n\n<p class=\"has-text-align-center\"><strong>3e<\/strong> : Lola <strong>MOURLANETTE <\/strong>\/\/ \u00c9cole \u00e9l\u00e9mentaire &#8211; 64530 GER<\/p>\n\n\n\n<div class=\"wp-block-image\"><figure class=\"aligncenter size-large\"><a href=\"https:\/\/www.semainedelecriture.fr\/wp-content\/uploads\/2022\/11\/CE-3.jpg\"><img decoding=\"async\" src=\"https:\/\/www.semainedelecriture.fr\/wp-content\/uploads\/2022\/11\/CE-3-v.jpg\" alt=\"\"\/><\/a><\/figure><\/div>\n\n\n\n<p class=\"has-text-align-center\"><br><br><strong>4e<\/strong> : Marilou <strong>PICHENOT<\/strong> \/\/ \u00c9cole publique &#8211; 01500 CHATEAU-GAILLARD<br><strong>5e<\/strong> : Sheraz <strong>DUFAY<\/strong> \/\/ \u00c9cole <strong><strong>Saint Agn\u00e8s<\/strong><\/strong> &#8211; 93270 SEVRAN<br><strong>6e<\/strong> : Adam <strong>MOKADEM BRAULT<\/strong> \/\/ \u00c9cole <strong>IFEA Emilie du Ch\u00e2telet<\/strong> &#8211; 92210 CLICHY<br><strong>7e<\/strong> : Cl\u00e9ment <strong>JULIEN<\/strong> \/\/ \u00c9cole <strong><strong>Nelson Mandela<\/strong><\/strong> &#8211; 62680 MERICOURT<br><strong>8e <\/strong>:  \u00c9l\u00e9a <strong><strong>PERROTIN<\/strong><\/strong> \/\/ \u00c9cole <strong>La Salle Saint Bernard<\/strong> &#8211; 64100 BAYONNE<br><strong>9e<\/strong> : Timoth\u00e9 <strong><strong>DAVID <\/strong><\/strong>\/\/ \u00c9cole publique &#8211; 01500 CHATEAU-GAILLARD<br><strong>10e<\/strong> : Rania <strong>MOUNIR <\/strong>\/\/ Institution <strong>Notre Dame<\/strong> &#8211; 64230 LESCAR<\/p>\n\n\n\n<hr class=\"wp-block-separator\"\/>\n\n\n\n<h4 class=\"has-text-align-center wp-block-heading\" id=\"CM\">CM1-CM2<\/h4>\n\n\n\n<p class=\"has-text-align-center\"><strong>1er<\/strong> : Samuel <strong>ROBIDA <\/strong>\/\/ \u00c9cole primaire &#8211; 45760 MARIGNY LES USAGES<\/p>\n\n\n\n<div class=\"wp-block-image\"><figure class=\"aligncenter size-large\"><a href=\"https:\/\/www.semainedelecriture.fr\/wp-content\/uploads\/2022\/11\/CM-1.jpg\"><img decoding=\"async\" src=\"https:\/\/www.semainedelecriture.fr\/wp-content\/uploads\/2022\/11\/CM-1-v.jpg\" alt=\"\"\/><\/a><\/figure><\/div>\n\n\n\n<p class=\"has-text-align-center\"><strong>2e<\/strong> : Pierre <strong>MAILLARD <\/strong>\/\/ \u00c9cole <strong><strong><strong>Saint Agn\u00e8s<\/strong><\/strong> <\/strong>&#8211; 93270 SEVRAN<\/p>\n\n\n\n<div class=\"wp-block-image\"><figure class=\"aligncenter size-large\"><a href=\"https:\/\/www.semainedelecriture.fr\/wp-content\/uploads\/2022\/11\/CM-2.jpg\"><img decoding=\"async\" src=\"https:\/\/www.semainedelecriture.fr\/wp-content\/uploads\/2022\/11\/CM-2-v.jpg\" alt=\"\"\/><\/a><\/figure><\/div>\n\n\n\n<p class=\"has-text-align-center\"><strong>3e<\/strong> : Constance <strong>ECHAVIDRE <\/strong>\/\/ \u00c9cole \u00e9l\u00e9mentaire <strong>Blomet <\/strong>&#8211; 75015 PARIS<\/p>\n\n\n\n<div class=\"wp-block-image\"><figure class=\"aligncenter size-large\"><a href=\"https:\/\/www.semainedelecriture.fr\/wp-content\/uploads\/2022\/11\/CM-3.jpg\"><img decoding=\"async\" src=\"https:\/\/www.semainedelecriture.fr\/wp-content\/uploads\/2022\/11\/CM-3-v.jpg\" alt=\"\"\/><\/a><\/figure><\/div>\n\n\n\n<p class=\"has-text-align-center\"><strong>4e<\/strong> : L\u00e9ane <strong>SONOT <\/strong>\/\/ \u00c9cole \u00e9l\u00e9mentaire<strong> <\/strong>publique &#8211; 73170 YENNE<br><strong>5e<\/strong> : Jade <strong>MOYSAN<\/strong>\/\/ \u00c9cole primaire &#8211; 45760 MARIGNY LES USAGES<br><strong>6e<\/strong> : Rapha\u00ebl <strong>PERDEREAU-SERRES <\/strong>\/\/ \u00c9cole primaire &#8211; 45760 MARIGNY LES USAGES<br><strong>7e<\/strong> : Himad <strong>RAMDAME <\/strong>\/\/ \u00c9cole <strong>Charles P\u00e9guy<\/strong> &#8211;<strong> <\/strong>52100 SAINT DIZIER<br><strong>8e<\/strong> : Elliot <strong>MARCIMIAK <\/strong>\/\/ \u00c9cole <strong>H\u00e9l\u00e8ne Boucher<\/strong> &#8211; 37510 BALLAN MIR\u00c9<br><strong>9e<\/strong> : Cataleya <strong>SINGTHONG <\/strong>\/\/ \u00c9cole \u00e9l\u00e9mentaire<strong> <\/strong>&#8211; 45270 QUIERS \/ BEZONDE<br><strong>10e<\/strong> : Tim\u00e9o <strong>COLAS <\/strong>\/\/ \u00c9cole <strong>Montardon<\/strong> &#8211; 64121 SERRES-CASTET<\/p>\n\n\n\n<hr class=\"wp-block-separator\"\/>\n\n\n\n<h4 class=\"has-text-align-center wp-block-heading\" id=\"65\">6e-5e<\/h4>\n\n\n\n<p class=\"has-text-align-center\"><strong>1er<\/strong> : Arion <strong>MEJDANI <\/strong>\/\/ Coll\u00e8ge <strong>Bellevue<\/strong>\/Segpa &#8211; 81000 ALBI<\/p>\n\n\n\n<div class=\"wp-block-image\"><figure class=\"aligncenter size-large\"><a href=\"https:\/\/www.semainedelecriture.fr\/wp-content\/uploads\/2022\/11\/6-5-1.jpg\"><img decoding=\"async\" src=\"https:\/\/www.semainedelecriture.fr\/wp-content\/uploads\/2022\/11\/6-5-1-v.jpg\" alt=\"\"\/><\/a><\/figure><\/div>\n\n\n\n<p class=\"has-text-align-center\"><strong>2e<\/strong> : Enzo <strong>CLAVERY <\/strong>\/\/ Coll\u00e8ge <strong>Andr\u00e9e Chedid<\/strong> &#8211;<strong> <\/strong>44140 AIGREFEUILLE SUR MAINE<\/p>\n\n\n\n<div class=\"wp-block-image\"><figure class=\"aligncenter size-large\"><a href=\"https:\/\/www.semainedelecriture.fr\/wp-content\/uploads\/2022\/11\/6-5-2.jpg\"><img decoding=\"async\" src=\"https:\/\/www.semainedelecriture.fr\/wp-content\/uploads\/2022\/11\/6-5-2-v.jpg\" alt=\"\"\/><\/a><\/figure><\/div>\n\n\n\n<p class=\"has-text-align-center\"><strong>3e<\/strong> : Lola <strong>RICHARD <\/strong>\/\/ Coll\u00e8ge <strong>Andr\u00e9e Chedid<\/strong> &#8211;<strong> <\/strong>44140 AIGREFEUILLE SUR MAINE<\/p>\n\n\n\n<div class=\"wp-block-image\"><figure class=\"aligncenter size-large\"><a href=\"https:\/\/www.semainedelecriture.fr\/wp-content\/uploads\/2022\/11\/6-5-3.jpg\"><img decoding=\"async\" src=\"https:\/\/www.semainedelecriture.fr\/wp-content\/uploads\/2022\/11\/6-5-3-v.jpg\" alt=\"\"\/><\/a><\/figure><\/div>\n\n\n\n<p class=\"has-text-align-center\">Ci-dessous la carte en relief r\u00e9alis\u00e9e par Lola<\/p>\n\n\n\n<div class=\"wp-block-image\"><figure class=\"aligncenter size-full\"><a href=\"https:\/\/www.semainedelecriture.fr\/wp-content\/uploads\/2022\/11\/6-5-3-recto.jpg\"><img loading=\"lazy\" decoding=\"async\" width=\"80\" height=\"60\" src=\"https:\/\/www.semainedelecriture.fr\/wp-content\/uploads\/2022\/11\/6-5-3-recto-v.jpg\" alt=\"\" class=\"wp-image-22007\"\/><\/a><\/figure><\/div>\n\n\n\n<p class=\"has-text-align-center\"><strong>4e<\/strong> : Solenn <strong>BLAIRVACQ-PERSONNE <\/strong>\/\/ Coll\u00e8ge <strong>Paul Eluard<\/strong> &#8211; 59830 CYSOING<br><strong>5e<\/strong> : Antoine <strong>PERRUSSON <\/strong>\/\/ Coll\u00e8ge <strong><strong>Chateaubriand<\/strong><\/strong> &#8211; 89500 VILLENEUVE SUR YONNE<br><strong>6e<\/strong> : Jeanne <strong>LEMBO <\/strong>\/\/ Coll\u00e8ge <strong><strong>kerfontaine<\/strong><\/strong> &#8211; 56400 PLUNERET<br><strong>7e<\/strong> : Zayneb <strong>EL MUSAUI <\/strong>\/\/ Coll\u00e8ge <strong>Louis Armand <\/strong>&#8211; 28100 DREUX<br><strong>8e<\/strong> : Shirine <strong>CHATATE<\/strong> \/\/ Coll\u00e8ge <strong>Louis Armand <\/strong>&#8211; 28100 DREUX <br><strong>9e<\/strong> : Adrien <strong>BRESSON <\/strong>\/\/ Coll\u00e8ge <strong>Marie Marvingt<\/strong> &#8211; 44340 BOUGUENAIS<br><strong>10e<\/strong> : L\u00e9onie <strong>BERTHAUT-PERON <\/strong>\/\/ Coll\u00e8ge <strong>Marie Marvingt<\/strong> &#8211; 44340 BOUGUENAIS <br><\/p>\n\n\n\n<hr class=\"wp-block-separator\"\/>\n\n\n\n<h4 class=\"has-text-align-center wp-block-heading\" id=\"43_Lycee\">4e-3e-Lyc\u00e9e<\/h4>\n\n\n\n<p class=\"has-text-align-center\"><strong>1er<\/strong> : Brune <strong>PELLETIER <\/strong>\/\/ Coll\u00e8ge <strong>Chevreul<\/strong> &#8211; 69002 LYON<\/p>\n\n\n\n<div class=\"wp-block-image\"><figure class=\"aligncenter size-large is-resized\"><a href=\"https:\/\/www.semainedelecriture.fr\/wp-content\/uploads\/2022\/11\/4-3-lycee-1.jpg\"><img loading=\"lazy\" decoding=\"async\" src=\"https:\/\/www.semainedelecriture.fr\/wp-content\/uploads\/2022\/11\/4-3-lycee-1-v.jpg\" alt=\"\" width=\"80\" height=\"62\"\/><\/a><\/figure><\/div>\n\n\n\n<p class=\"has-text-align-center\"><strong>2e<\/strong> : Ma\u00eblline <strong>TEILLOL-BRO <\/strong>\/\/ Coll\u00e8ge <strong>St\u00e9phane Piobetta<\/strong> &#8211; 85430 AUBIGNY<\/p>\n\n\n\n<div class=\"wp-block-image\"><figure class=\"aligncenter size-large\"><a href=\"https:\/\/www.semainedelecriture.fr\/wp-content\/uploads\/2022\/11\/4-3-lycee-2.jpg\"><img decoding=\"async\" src=\"https:\/\/www.semainedelecriture.fr\/wp-content\/uploads\/2022\/11\/4-3-lycee-2-v.jpg\" alt=\"\"\/><\/a><\/figure><\/div>\n\n\n\n<p class=\"has-text-align-center\"><strong>3e<\/strong> : Marie <strong>BOUCHEZ <\/strong>\/\/ Lyc\u00e9e <strong>de L&rsquo;Escaut<\/strong> &#8211; 59300 VALENCIENNES<\/p>\n\n\n\n<div class=\"wp-block-image\"><figure class=\"aligncenter size-large\"><a href=\"https:\/\/www.semainedelecriture.fr\/wp-content\/uploads\/2022\/11\/4-3-lycee-3.jpg\"><img decoding=\"async\" src=\"https:\/\/www.semainedelecriture.fr\/wp-content\/uploads\/2022\/11\/4-3-lycee-3-v.jpg\" alt=\"\"\/><\/a><\/figure><\/div>\n\n\n\n<p class=\"has-text-align-center\"><strong>4e<\/strong> : Lee-Loo <strong>JEANNE <\/strong>\/\/ Lyc\u00e9e <strong>Thomas H\u00e9lye<\/strong> &#8211; 50100 CHERBOURG<br><strong>5e<\/strong> : Julia <strong>AMY-ARNAULT<\/strong> \/\/ Lyc\u00e9e <strong>Thomas H\u00e9lye<\/strong> &#8211; 50100 CHERBOURG<br><strong>6e<\/strong> : Chlo\u00e9 <strong>ESCAPE <\/strong>\/\/ Coll\u00e8ge <strong>Pierre de Coubertin<\/strong> &#8211; 66120 FONT ROMEU<br><strong>7e<\/strong> : Tristan <strong>BAILLEUX <\/strong>\/\/ Lyc\u00e9e <strong>de L&rsquo;Escaut<\/strong> &#8211; 59300 VALENCIENNES<br><strong>8e<\/strong> : Jeanne <strong>MAUGEAIS <\/strong>\/\/ Coll\u00e8ge <strong>Chevreul<\/strong> &#8211; 69002 LYON<br><strong>9e<\/strong> : Emma <strong>NOGUEIRA <\/strong>\/\/ Coll\u00e8ge <strong>Louis Armand <\/strong>&#8211; 28100 DREUX <br><strong>10e<\/strong> : Sarah <strong>DUPUIS <\/strong>\/\/ Lyc\u00e9e <strong>de L&rsquo;Escaut<\/strong> &#8211; 59300 VALENCIENNES <\/p>\n\n\n\n<hr class=\"wp-block-separator\"\/>\n\n\n\n<h4 class=\"has-text-align-center wp-block-heading\" id=\"Autres\">Autres<\/h4>\n\n\n\n<p class=\"has-text-align-center\"><strong>1er<\/strong> : Moussa <strong>NIAKATE<\/strong> \/\/ Lyc\u00e9e <strong>Auguste Aymard<\/strong> &#8211; 43000 ESPALY-SAINT-MARCEL<\/p>\n\n\n\n<div class=\"wp-block-image\"><figure class=\"aligncenter size-large\"><a href=\"https:\/\/www.semainedelecriture.fr\/wp-content\/uploads\/2022\/11\/autres-1.jpg\"><img decoding=\"async\" src=\"https:\/\/www.semainedelecriture.fr\/wp-content\/uploads\/2022\/11\/autres-1-v.jpg\" alt=\"\"\/><\/a><\/figure><\/div>\n\n\n\n<p class=\"has-text-align-center\"><strong>2e<\/strong> : Parvana <strong>DADASHZADA <\/strong>\/\/ Coll\u00e8ge <strong>Marie Marvingt<\/strong> &#8211; 44340 BOUGUENAIS<\/p>\n\n\n\n<div class=\"wp-block-image\"><figure class=\"aligncenter size-large\"><a href=\"https:\/\/www.semainedelecriture.fr\/wp-content\/uploads\/2022\/11\/autres-2.jpg\"><img decoding=\"async\" src=\"https:\/\/www.semainedelecriture.fr\/wp-content\/uploads\/2022\/11\/autres-2-v.jpg\" alt=\"\"\/><\/a><\/figure><\/div>\n\n\n\n<p class=\"has-text-align-center\"><strong>3e<\/strong> : Jules <strong>COLLET<\/strong> \/\/ Lyc\u00e9e <strong>des M\u00e9tiers d&rsquo;art-cdi<\/strong> &#8211; 02100 SAINT QUENTIN<\/p>\n\n\n\n<div class=\"wp-block-image\"><figure class=\"aligncenter size-large\"><a href=\"https:\/\/www.semainedelecriture.fr\/wp-content\/uploads\/2022\/11\/autres-3.jpg\"><img decoding=\"async\" src=\"https:\/\/www.semainedelecriture.fr\/wp-content\/uploads\/2022\/11\/autres-3-v.jpg\" alt=\"\"\/><\/a><\/figure><\/div>\n\n\n\n<p class=\"has-text-align-center\"><strong>4e<\/strong> : Amalia <strong>DA ROSA<\/strong> \/\/  Lyc\u00e9e <strong>des M\u00e9tiers d&rsquo;art-cdi<\/strong> &#8211; 02100 SAINT QUENTIN <br>5e : Mahmudul <strong>SADIK<\/strong> \/\/ Lyc\u00e9e <strong>Jules Verne<\/strong> 95800 CERGY<br><strong>6e<\/strong> : Rooma <strong>MOHAMMAD <\/strong>\/\/ Coll\u00e8ge <strong>Marie Marvingt<\/strong> &#8211; 44340 BOUGUENAIS  <br><strong>7e<\/strong> : Anastasiia <strong>MOVCHAN <\/strong>\/\/  Lyc\u00e9e <strong>Jules Verne<\/strong> 95800 CERGY <br><strong>8e<\/strong> : Sonia <strong>BOUDOUAIA <\/strong>\/\/ LPO <strong>Victor Hugo<\/strong>&#8211; 84200 CARPENTRAS<br><strong>9e<\/strong> : Eliane <strong>SIONG <\/strong>\/\/ LPO <strong>Victor Hugo<\/strong>&#8211; 84200 CARPENTRAS <br><strong>10e<\/strong> : Aboubacar <strong>KANATE <\/strong>\/\/ Lyc\u00e9e <strong>Auguste Aymard<\/strong> &#8211; 43000 ESPALY SAINT MARCEL<\/p>\n\n\n\n<hr class=\"wp-block-separator\"\/>\n\n\n\n<h4 class=\"has-text-align-center wp-block-heading\" id=\"AD\">Adultes<\/h4>\n\n\n\n<p class=\"has-text-align-center\"><strong>1er<\/strong> : Aziliz <strong>BUCHER DE CHAUVIGN\u00c9<\/strong> \/\/ 29820 GUILERS<\/p>\n\n\n\n<div class=\"wp-block-image\"><figure class=\"aligncenter size-large\"><a href=\"https:\/\/www.semainedelecriture.fr\/wp-content\/uploads\/2022\/11\/adulte-1.jpg\"><img decoding=\"async\" src=\"https:\/\/www.semainedelecriture.fr\/wp-content\/uploads\/2022\/11\/adulte-1-v.jpg\" alt=\"\"\/><\/a><\/figure><\/div>\n\n\n\n<p class=\"has-text-align-center\"><strong>2e<\/strong> : Monique <strong>LERMUSIAUX <\/strong>\/\/ 41130 SELLES-SUR-CHER<\/p>\n\n\n\n<div class=\"wp-block-image\"><figure class=\"aligncenter size-large\"><a href=\"https:\/\/www.semainedelecriture.fr\/wp-content\/uploads\/2022\/11\/adulte-2.jpg\"><img decoding=\"async\" src=\"https:\/\/www.semainedelecriture.fr\/wp-content\/uploads\/2022\/11\/adulte-2-v.jpg\" alt=\"\"\/><\/a><\/figure><\/div>\n\n\n\n<p class=\"has-text-align-center\"><strong>3e<\/strong> : Isabelle <strong>SIMON<\/strong> \/\/ 76610 LE HAVRE<\/p>\n\n\n\n<div class=\"wp-block-image\"><figure class=\"aligncenter size-large\"><a href=\"https:\/\/www.semainedelecriture.fr\/wp-content\/uploads\/2022\/11\/adulte-3.jpg\"><img decoding=\"async\" src=\"https:\/\/www.semainedelecriture.fr\/wp-content\/uploads\/2022\/11\/adulte-3-v.jpg\" alt=\"\"\/><\/a><\/figure><\/div>\n\n\n\n<p class=\"has-text-align-center\"><strong>4e<\/strong> : D\u00e9borah <strong>GERBER <\/strong>\/\/ 67360 ESCHBACH<br><strong>5e <\/strong>: Nathalie <strong>DEMIAS <\/strong>\/\/ 73310 RUFFIEUX<br><strong>6e<\/strong> : Cathleen <strong>BONEST\u00c8VE<\/strong> \/\/ 33680 LACANAU OC\u00c9AN<br><strong>7e<\/strong> : Marion <strong>RAMBAUT <\/strong>\/\/ 57420 FEY<br><strong>8e<\/strong> : Nathalie <strong>LABARRE <\/strong>\/\/ 02300 CHAUNY<br><strong>9e<\/strong> : Elisabeth <strong>SCHLOARD <\/strong>\/\/ 67360 ESCHBACH<br><strong>10e<\/strong> : Mich\u00e8le <strong>JULIEN <\/strong>\/\/ 45800 SAINT JEAN DE BRAY<\/p>\n","protected":false},"excerpt":{"rendered":"<p>CP&nbsp;\/&nbsp;CE1-CE2 \/&nbsp;CM1-CM2 \/&nbsp;6e-5e \/&nbsp;4e-3e-Lyc\u00e9e \/&nbsp;Autres\/ Adultes CP 1er&nbsp;:&nbsp;Nassim \/\/ \u00c9cole Jules Verne &#8211; 93330 NEUILLY SUR MARNE 2e&nbsp;: Nathan LEVILLAIN \/\/ \u00c9cole Jeanne d&rsquo;Arc &#8211; 50370 BR\u00c9CEY 3e : Aaron BLANC \/\/ \u00c9cole Jean Bonijol &#8211; 48000 MENDE 4e : &hellip; <a href=\"https:\/\/www.semainedelecriture.fr\/index.php\/2022\/11\/21\/laureats-du-concours-2022\/\">Lire la suite\u00ad\u00ad<\/a><\/p>\n","protected":false},"author":1,"featured_media":20037,"comment_status":"closed","ping_status":"open","sticky":false,"template":"","format":"standard","meta":{"_mi_skip_tracking":false,"kt_blocks_editor_width":"","footnotes":""},"categories":[8,4],"tags":[],"class_list":["post-21940","post","type-post","status-publish","format-standard","has-post-thumbnail","hentry","category-actu","category-lau"],"_links":{"self":[{"href":"https:\/\/www.semainedelecriture.fr\/index.php\/wp-json\/wp\/v2\/posts\/21940","targetHints":{"allow":["GET"]}}],"collection":[{"href":"https:\/\/www.semainedelecriture.fr\/index.php\/wp-json\/wp\/v2\/posts"}],"about":[{"href":"https:\/\/www.semainedelecriture.fr\/index.php\/wp-json\/wp\/v2\/types\/post"}],"author":[{"embeddable":true,"href":"https:\/\/www.semainedelecriture.fr\/index.php\/wp-json\/wp\/v2\/users\/1"}],"replies":[{"embeddable":true,"href":"https:\/\/www.semainedelecriture.fr\/index.php\/wp-json\/wp\/v2\/comments?post=21940"}],"version-history":[{"count":43,"href":"https:\/\/www.semainedelecriture.fr\/index.php\/wp-json\/wp\/v2\/posts\/21940\/revisions"}],"predecessor-version":[{"id":22088,"href":"https:\/\/www.semainedelecriture.fr\/index.php\/wp-json\/wp\/v2\/posts\/21940\/revisions\/22088"}],"wp:featuredmedia":[{"embeddable":true,"href":"https:\/\/www.semainedelecriture.fr\/index.php\/wp-json\/wp\/v2\/media\/20037"}],"wp:attachment":[{"href":"https:\/\/www.semainedelecriture.fr\/index.php\/wp-json\/wp\/v2\/media?parent=21940"}],"wp:term":[{"taxonomy":"category","embeddable":true,"href":"https:\/\/www.semainedelecriture.fr\/index.php\/wp-json\/wp\/v2\/categories?post=21940"},{"taxonomy":"post_tag","embeddable":true,"href":"https:\/\/www.semainedelecriture.fr\/index.php\/wp-json\/wp\/v2\/tags?post=21940"}],"curies":[{"name":"wp","href":"https:\/\/api.w.org\/{rel}","templated":true}]}}