{"id":23909,"date":"2023-11-30T12:15:25","date_gmt":"2023-11-30T11:15:25","guid":{"rendered":"https:\/\/www.semainedelecriture.fr\/?p=23909"},"modified":"2023-12-17T18:14:56","modified_gmt":"2023-12-17T17:14:56","slug":"laureats-du-concours-2023","status":"publish","type":"post","link":"https:\/\/www.semainedelecriture.fr\/index.php\/2023\/11\/30\/laureats-du-concours-2023\/","title":{"rendered":"Laur\u00e9ats du concours 2023"},"content":{"rendered":"\n<p class=\"has-text-align-center\"><strong><a href=\"#CP\">CP&nbsp;\/<\/a>&nbsp;<a href=\"#CE\">CE1-CE2 \/<\/a>&nbsp;<a href=\"#CM\">CM1-CM2<\/a><a href=\"https:\/\/www.semainedelecriture.fr\/wp-admin\/post.php?post=10813&amp;action=edit#CM1_2017\"> \/<\/a>&nbsp;<a href=\"#65\">6e-5e<\/a><a href=\"https:\/\/www.semainedelecriture.fr\/wp-admin\/post.php?post=10813&amp;action=edit#6_2017\"> \/<\/a>&nbsp;<a href=\"#43_Lycee\">4e-3e-Lyc\u00e9e<\/a><a href=\"#4_2019\"> \/<\/a>&nbsp;<a href=\"#Autres\">Autres<\/a>\/ <a href=\"#AD\">Adultes<\/a><\/strong><\/p>\n\n\n\n<h4 class=\"has-text-align-center wp-block-heading\" id=\"CP\"><strong>CP<\/strong><\/h4>\n\n\n\n<p class=\"has-text-align-center\"><strong>1er<\/strong>\u00a0:\u00a0Yannalyss <strong>MERT <\/strong>\/\/ \u00e9cole de <strong>Baignoire <\/strong>&#8211; 97225 LE MARIGOT<\/p>\n\n\n<div class=\"wp-block-image\">\n<figure class=\"aligncenter size-full\"><a href=\"https:\/\/www.semainedelecriture.fr\/wp-content\/uploads\/2023\/11\/CP-1.jpg\"><img loading=\"lazy\" decoding=\"async\" width=\"76\" height=\"80\" src=\"https:\/\/www.semainedelecriture.fr\/wp-content\/uploads\/2023\/11\/CP-1-v.jpg\" alt=\"\" class=\"wp-image-24005\"\/><\/a><\/figure><\/div>\n\n\n<p class=\"has-text-align-center\"> <strong>2e&nbsp;<\/strong>: Ellie <strong>CROCHEMORE DELON<\/strong> \/\/ \u00e9cole primaire &#8211; 10800 MOUSSEY<\/p>\n\n\n<div class=\"wp-block-image\">\n<figure class=\"aligncenter size-full\"><a href=\"https:\/\/www.semainedelecriture.fr\/wp-content\/uploads\/2023\/11\/CP-2.jpg\"><img loading=\"lazy\" decoding=\"async\" width=\"80\" height=\"62\" src=\"https:\/\/www.semainedelecriture.fr\/wp-content\/uploads\/2023\/11\/CP-2-v.jpg\" alt=\"\" class=\"wp-image-24007\"\/><\/a><\/figure><\/div>\n\n\n<p class=\"has-text-align-center\"> <strong>3e<\/strong> : T\u00e9o <strong>JEAN <\/strong>\/\/ \u00e9cole <strong>Noelle et Yves Duteil<\/strong> &#8211; 12160 BOUSSAC<\/p>\n\n\n<div class=\"wp-block-image\">\n<figure class=\"aligncenter size-full\"><a href=\"https:\/\/www.semainedelecriture.fr\/wp-content\/uploads\/2023\/11\/CP-3.jpg\"><img loading=\"lazy\" decoding=\"async\" width=\"80\" height=\"68\" src=\"https:\/\/www.semainedelecriture.fr\/wp-content\/uploads\/2023\/11\/CP-3-v.jpg\" alt=\"\" class=\"wp-image-23997\"\/><\/a><\/figure><\/div>\n\n\n<p class=\"has-text-align-center\"><strong>4e :<\/strong> Lilou <strong>JOVIGNOT <\/strong>\/\/ \u00e9cole <strong>les cerisiers<\/strong> &#8211; 01090 MONTCEAUX<\/p>\n\n\n\n<p class=\"has-text-align-center\"><strong>5e :<\/strong> Arya <strong>SCHALLER <\/strong>\/\/ \u00e9cole primaire &#8211; 10800 MOUSSEY<\/p>\n\n\n\n<p class=\"has-text-align-center\"><strong>6e :<\/strong> Louane <strong>LECHEVRETEL <\/strong>\/\/ \u00e9cole <strong>st-Michel<\/strong> &#8211; 50300 VAINS<\/p>\n\n\n\n<p class=\"has-text-align-center\"><strong>7e :<\/strong> Gwladis <strong>RODEMBOURG <\/strong>\/\/ \u00e9cole <strong>st-Michel<\/strong> &#8211; 50300 VAINS<\/p>\n\n\n\n<p class=\"has-text-align-center\"><strong>8e :<\/strong> Soline <strong>FONTVIELLE <\/strong>\/\/ \u00e9cole <strong>la Contrie<\/strong> &#8211; 44100 NANTES<\/p>\n\n\n\n<p class=\"has-text-align-center\"><strong>9e :<\/strong> Laina <strong>DMYTROW <\/strong>\/\/ \u00e9cole <strong>Jacques Duclos<\/strong> &#8211; 62640 MONTIGNY-EN-GOHELLE<\/p>\n\n\n\n<p class=\"has-text-align-center\"><strong>10e :<\/strong> Eulalie <strong>PRAT <\/strong>\/\/ \u00e9cole <strong>Jean Bonijol<\/strong> &#8211; 48000 MENDE<\/p>\n\n\n\n<hr class=\"wp-block-separator has-css-opacity\"\/>\n\n\n\n<h4 class=\"has-text-align-center wp-block-heading\" id=\"CE\">CE1-CE2<\/h4>\n\n\n\n<p class=\"has-text-align-center\"><strong>1er <\/strong>: Anna <strong>TRICHARD <\/strong>\/\/ \u00e9cole primaire &#8211; 01090&nbsp; MONTCEAUX<\/p>\n\n\n<div class=\"wp-block-image\">\n<figure class=\"aligncenter size-full is-resized\"><a href=\"https:\/\/www.semainedelecriture.fr\/wp-content\/uploads\/2023\/11\/CE-1.jpg\"><img loading=\"lazy\" decoding=\"async\" src=\"https:\/\/www.semainedelecriture.fr\/wp-content\/uploads\/2023\/11\/CE-1-v.jpg\" alt=\"\" class=\"wp-image-23919\" width=\"80\" height=\"66\"\/><\/a><\/figure><\/div>\n\n\n<p class=\"has-text-align-center\"><strong>2e<\/strong> : Timoth\u00e9e <strong>MONTUS <\/strong>\/\/ \u00e9cole <strong>la salle st Bernard<\/strong> &#8211; 64100 BAYONNE<\/p>\n\n\n<div class=\"wp-block-image\">\n<figure class=\"aligncenter size-full\"><a href=\"https:\/\/www.semainedelecriture.fr\/wp-content\/uploads\/2023\/11\/CE-2.jpg\"><img loading=\"lazy\" decoding=\"async\" width=\"80\" height=\"59\" src=\"https:\/\/www.semainedelecriture.fr\/wp-content\/uploads\/2023\/11\/CE-2-v.jpg\" alt=\"\" class=\"wp-image-23923\"\/><\/a><\/figure><\/div>\n\n\n<p class=\"has-text-align-center\"><strong>3e<\/strong> : Kamille <strong>VAYSSE <\/strong>\/\/&nbsp; \u00e9cole \u00e9l\u00e9mentaire &#8211; 67250 SOULTZ-SOUS-FORETS<\/p>\n\n\n<div class=\"wp-block-image\">\n<figure class=\"aligncenter size-full\"><a href=\"https:\/\/www.semainedelecriture.fr\/wp-content\/uploads\/2023\/11\/CE-3.jpg\"><img loading=\"lazy\" decoding=\"async\" width=\"80\" height=\"68\" src=\"https:\/\/www.semainedelecriture.fr\/wp-content\/uploads\/2023\/11\/CE-3-v.jpg\" alt=\"\" class=\"wp-image-23927\"\/><\/a><\/figure><\/div>\n\n\n<p class=\"has-text-align-center\"><strong>4e :<\/strong> Romane <strong>GERGONE <\/strong>\/\/ \u00e9cole primaire &#8211; 64530 GER<\/p>\n\n\n\n<p class=\"has-text-align-center\"><strong>5e :<\/strong> Rafael <strong>BER <\/strong>\/\/ \u00e9cole <strong>Condorcet <\/strong>&#8211; 59172 ROEULX<\/p>\n\n\n\n<p class=\"has-text-align-center\"><strong>6e :<\/strong> Onon <strong>TUMEN <\/strong>\/\/ \u00e9cole primaire&nbsp; &#8211; 64160 SAINT-JAMMES<\/p>\n\n\n\n<p class=\"has-text-align-center\"><strong>7e :<\/strong> L\u00e9a <strong>WOJTALIK <\/strong>\/\/ \u00e9cole <strong>Mulsant <\/strong>&#8211; 42300 ROANNE<\/p>\n\n\n\n<p class=\"has-text-align-center\"><strong>8e :<\/strong> Thalia <strong>RACLET DEGBE<\/strong> \/\/ \u00e9cole du <strong>ch\u00e2teau de Villy<\/strong> &#8211; 74130 CONTAMINE\/AVRE<\/p>\n\n\n\n<p class=\"has-text-align-center\"><strong>9e :<\/strong> L\u00e9o <strong>MAIRE <\/strong>\/\/ \u00e9cole <strong>st-Evre<\/strong> &#8211; 54200 TOUL<\/p>\n\n\n\n<p class=\"has-text-align-center\"><strong>10e :<\/strong> Lana <strong>DA SOUZA BRANCE<\/strong> \/\/ \u00e9cole <strong>la cl\u00e9 des champs<\/strong> &#8211; 77166 EVRY GREGY\/YERRE<\/p>\n\n\n\n<hr class=\"wp-block-separator has-css-opacity\"\/>\n\n\n\n<h4 class=\"has-text-align-center wp-block-heading\" id=\"CM\">CM1-CM2<\/h4>\n\n\n\n<p class=\"has-text-align-center\"><strong>1er<\/strong> : Alice <strong>BOUILLY DOSSMANN<\/strong> \/\/ \u00e9cole <strong>immacul\u00e9e conception<\/strong> &#8211; 75012 PARIS<\/p>\n\n\n<div class=\"wp-block-image\">\n<figure class=\"aligncenter size-large\"><a href=\"https:\/\/www.semainedelecriture.fr\/wp-content\/uploads\/2023\/11\/CM-1.jpg\"><img decoding=\"async\" src=\"https:\/\/www.semainedelecriture.fr\/wp-content\/uploads\/2023\/11\/CM-1-v.jpg\" alt=\"\"\/><\/a><\/figure><\/div>\n\n\n<p class=\"has-text-align-center\"><strong>2e<\/strong> : Marlyne <strong>MAIRONE <\/strong>\/\/ 13580 LA FARE LES OLIVIERS<\/p>\n\n\n<div class=\"wp-block-image\">\n<figure class=\"aligncenter size-large\"><a href=\"https:\/\/www.semainedelecriture.fr\/wp-content\/uploads\/2023\/11\/CM-2.jpg\"><img decoding=\"async\" src=\"https:\/\/www.semainedelecriture.fr\/wp-content\/uploads\/2023\/11\/CM-2-v.jpg\" alt=\"\"\/><\/a><\/figure><\/div>\n\n\n<p class=\"has-text-align-center\"><strong>3e<\/strong> : Chlo\u00e9 <strong>SEIDENBIRDER <\/strong>\/\/ \u00e9cole <strong>Paul Bert<\/strong> &#8211; 78700 CONFLANS-Ste-HONORINE<\/p>\n\n\n<div class=\"wp-block-image\">\n<figure class=\"aligncenter size-large\"><a href=\"https:\/\/www.semainedelecriture.fr\/wp-content\/uploads\/2023\/11\/CM-3.jpg\"><img decoding=\"async\" src=\"https:\/\/www.semainedelecriture.fr\/wp-content\/uploads\/2023\/11\/CM-3-v.jpg\" alt=\"\"\/><\/a><\/figure><\/div>\n\n\n<p class=\"has-text-align-center\"><strong>4e :<\/strong> Louise <strong>FRANCH LE VERGE<\/strong> \/\/ \u00e9cole <strong>Lucie Aubrac<\/strong> &#8211; 31770 COLOMIERS<\/p>\n\n\n\n<p class=\"has-text-align-center\"><strong>5e :<\/strong> Gaspard <strong>BELLANCOURT <\/strong>\/\/ \u00e9cole <strong>immacul\u00e9e conception<\/strong> &#8211; 75012 PARIS<\/p>\n\n\n\n<p class=\"has-text-align-center\"><strong>6e :<\/strong> Soline <strong>VAN HOEYLANDT LEVASSEUR<\/strong> \/\/ \u00e9cole primaire &#8211; 10280 FONTAINE LES GRES<\/p>\n\n\n\n<p class=\"has-text-align-center\"><strong>7e :<\/strong> El\u00e9onore <strong>DUPUIS <\/strong>\/\/ \u00e9cole <strong>Longchamp <\/strong>&#8211; 75016 PARIS<\/p>\n\n\n\n<p class=\"has-text-align-center\"><strong>8e :<\/strong> Oscar <strong>TOUZARD <\/strong>\/\/ \u00e9cole primaire &#8211; 45760 MARIGNY-LES-USAGES<\/p>\n\n\n\n<p class=\"has-text-align-center\"><strong>9e :<\/strong> Emma <strong>LE BIAVANT<\/strong> \/\/ \u00e9cole <strong>Ste-H\u00e9l\u00e8ne<\/strong> &#8211; 56240 BERNE<\/p>\n\n\n\n<p class=\"has-text-align-center\"><strong>10e :<\/strong> Yvann <strong>LE GOUIC<\/strong> \/\/ \u00e9cole <strong>Truffaut <\/strong>&#8211; 75017 PARIS<\/p>\n\n\n\n<hr class=\"wp-block-separator has-css-opacity\"\/>\n\n\n\n<h4 class=\"has-text-align-center wp-block-heading\" id=\"65\">6e-5e<\/h4>\n\n\n\n<p class=\"has-text-align-center\"><strong>1er<\/strong> : Juno <strong>HARDY DEHUT<\/strong> \/\/ coll\u00e8ge <strong>Fontenelle <\/strong>&#8211; 76000 ROUEN<\/p>\n\n\n<div class=\"wp-block-image\">\n<figure class=\"aligncenter size-large\"><a href=\"https:\/\/www.semainedelecriture.fr\/wp-content\/uploads\/2023\/11\/6_5-1.jpg\"><img decoding=\"async\" src=\"https:\/\/www.semainedelecriture.fr\/wp-content\/uploads\/2023\/11\/6_5-1-v.jpg\" alt=\"\"\/><\/a><\/figure><\/div>\n\n\n<p class=\"has-text-align-center\"><strong>2e<\/strong> : Gia Hung <strong>NGUYEN <\/strong>\/\/ coll\u00e8ge <strong>Marie Marvingt<\/strong> &#8211; 44340 BOUGUENAIS<\/p>\n\n\n<div class=\"wp-block-image\">\n<figure class=\"aligncenter size-large\"><a href=\"https:\/\/www.semainedelecriture.fr\/wp-content\/uploads\/2023\/11\/6_5-2.jpg\"><img decoding=\"async\" src=\"https:\/\/www.semainedelecriture.fr\/wp-content\/uploads\/2023\/11\/6_5-2-v.jpg\" alt=\"\"\/><\/a><\/figure><\/div>\n\n\n<p class=\"has-text-align-center\"><strong>3e<\/strong> : Louise <strong>FOURNIER <\/strong>\/\/ coll\u00e8ge <strong>Europe <\/strong>&#8211; 27260 CORMEILLES<\/p>\n\n\n<div class=\"wp-block-image\">\n<figure class=\"aligncenter size-large\"><a href=\"https:\/\/www.semainedelecriture.fr\/wp-content\/uploads\/2023\/11\/6_5-3.jpg\"><img decoding=\"async\" src=\"https:\/\/www.semainedelecriture.fr\/wp-content\/uploads\/2023\/11\/6_5-3-v.jpg\" alt=\"\"\/><\/a><\/figure><\/div>\n\n\n<p class=\"has-text-align-center\"><strong>4e :<\/strong> Do&nbsp;Sam&nbsp;Cam <strong>NGUYEN<\/strong> \/\/ coll\u00e8ge <strong>Fontenelle <\/strong>&#8211; 76000 ROUEN<\/p>\n\n\n\n<p class=\"has-text-align-center\"><strong>5e :<\/strong> Maelys <strong>VARLET <\/strong>\/\/ coll\u00e8ge <strong>Froehlicher <\/strong>&#8211; 02150 SISSONE<\/p>\n\n\n\n<p class=\"has-text-align-center\"><strong>6e :<\/strong> Lola <strong>LEDUCE <\/strong>\/\/ coll\u00e8ge <strong>Jacques Pr\u00e9vert<\/strong> &#8211; 02520 FLAVY-LE-MARTEL<\/p>\n\n\n\n<p class=\"has-text-align-center\"><strong>7e :<\/strong> Constance <strong>BARRIERE <\/strong>\/\/ coll\u00e8ge <strong>Fontenelle <\/strong>&#8211; 76000 ROUEN<\/p>\n\n\n\n<p class=\"has-text-align-center\"><strong>8e :<\/strong> Fabien <strong>MAUCLAIR <\/strong>\/\/ coll\u00e8ge <strong>Robert Lasneau<\/strong> &#8211; 41100 VENDOME<\/p>\n\n\n\n<p class=\"has-text-align-center\"><strong>9e :<\/strong> Ma\u00e9 <strong>BAUDIN <\/strong>\/\/ coll\u00e8ge <strong>Europe <\/strong>&#8211; 27260 CORMEILLES<\/p>\n\n\n\n<p class=\"has-text-align-center\"><strong>10e :<\/strong> Lana <strong>BOULOGNE <\/strong>\/\/ coll\u00e8ge <strong>Paul Langevin<\/strong> &#8211; 62430 SALLAUMINES<\/p>\n\n\n\n<hr class=\"wp-block-separator has-css-opacity\"\/>\n\n\n\n<h4 class=\"has-text-align-center wp-block-heading\" id=\"43_Lycee\">4e-3e-Lyc\u00e9e<\/h4>\n\n\n\n<p class=\"has-text-align-center\"><strong>1er<\/strong> : Noah <strong>ROUCHES <\/strong>\/\/ coll\u00e8ge <strong>du Carladez <\/strong>&#8211; 12600 MUR-DE-BARREZ<\/p>\n\n\n<div class=\"wp-block-image\">\n<figure class=\"aligncenter size-large\"><a href=\"https:\/\/www.semainedelecriture.fr\/wp-content\/uploads\/2023\/11\/4_3-1.jpg\"><img decoding=\"async\" src=\"https:\/\/www.semainedelecriture.fr\/wp-content\/uploads\/2023\/11\/4_3-1-v.jpg\" alt=\"\"\/><\/a><\/figure><\/div>\n\n\n<p class=\"has-text-align-center\"><strong>2e<\/strong> : Malia <strong>TOPART <\/strong>\/\/ coll\u00e8ge <strong>Pierre de Coubertin<\/strong> &#8211; 66120 FONT-ROMEU<\/p>\n\n\n<div class=\"wp-block-image\">\n<figure class=\"aligncenter size-large\"><a href=\"https:\/\/www.semainedelecriture.fr\/wp-content\/uploads\/2023\/11\/4_3-2.jpg\"><img decoding=\"async\" src=\"https:\/\/www.semainedelecriture.fr\/wp-content\/uploads\/2023\/11\/4_3-2-v.jpg\" alt=\"\"\/><\/a><\/figure><\/div>\n\n\n<p class=\"has-text-align-center\"><strong>3e<\/strong> : Emmanuelle <strong>NEE<\/strong> \/\/ lyc\u00e9e <strong>Thomas H\u00e9lye<\/strong> &#8211; 50100 CHERBOURG<\/p>\n\n\n<div class=\"wp-block-image\">\n<figure class=\"aligncenter size-large\"><a href=\"https:\/\/www.semainedelecriture.fr\/wp-content\/uploads\/2023\/11\/4_3-3.jpg\"><img decoding=\"async\" src=\"https:\/\/www.semainedelecriture.fr\/wp-content\/uploads\/2023\/11\/4_3-3-v.jpg\" alt=\"\"\/><\/a><\/figure><\/div>\n\n\n<p class=\"has-text-align-center\"><strong>4e :<\/strong> Cl\u00e9mentine <strong>SAILLANT <\/strong>\/\/ coll\u00e8ge <strong>Fontenelle <\/strong>&#8211; 76000 ROUEN<\/p>\n\n\n\n<p class=\"has-text-align-center\"><strong>5e :<\/strong> Selma <strong>AAHLAI <\/strong>\/\/ lyc\u00e9e de <strong>l&rsquo;escaut<\/strong> &#8211; 59300 VALENCIENNES<\/p>\n\n\n\n<p class=\"has-text-align-center\"><strong>6e :<\/strong> Nora <strong>RECEVEUR <\/strong>\/\/ coll\u00e8ge <strong>du Carladez<\/strong> &#8211; 12600 MUR-DE-BARREZ<\/p>\n\n\n\n<p class=\"has-text-align-center\"><strong>7e :<\/strong> Maximilien <strong>GARCIA <\/strong>\/\/ lyc\u00e9e <strong>Thomas H\u00e9lye<\/strong> &#8211; 50100 CHERBOURG<\/p>\n\n\n\n<p class=\"has-text-align-center\"><strong>8e :<\/strong> Rafael <strong>MICHALKO <\/strong>\/\/ coll\u00e8ge <strong>europe <\/strong>&#8211; 27260 CORMEILLES<\/p>\n\n\n\n<p class=\"has-text-align-center\"><strong>9e :<\/strong> Diego <strong>MORINEAU<\/strong> \/\/ coll\u00e8ge <strong>Marie immacul\u00e9e<\/strong> &#8211; 61500 SEES<\/p>\n\n\n\n<p class=\"has-text-align-center\"><strong>10e :<\/strong> Noa <strong>PINCHAS-NAOR<\/strong> \/\/ coll\u00e8ge <strong>du Carladez<\/strong> &#8211; 12600 MUR-DE-BARREZ<\/p>\n\n\n\n<hr class=\"wp-block-separator has-css-opacity\"\/>\n\n\n\n<h4 class=\"has-text-align-center wp-block-heading\" id=\"Autres\">Autres (\u00e9coles sp\u00e9cialis\u00e9es)<\/h4>\n\n\n\n<p class=\"has-text-align-center\"><strong>1er<\/strong> : Fatima <strong>SALARZAI <\/strong>\/\/ LP <strong>Auguste Aymard<\/strong> &#8211; 43000 ESPALY-ST-MARCEL<\/p>\n\n\n<div class=\"wp-block-image\">\n<figure class=\"aligncenter size-full\"><a href=\"https:\/\/www.semainedelecriture.fr\/wp-content\/uploads\/2023\/11\/Autres-1.jpg\"><img loading=\"lazy\" decoding=\"async\" width=\"74\" height=\"80\" src=\"https:\/\/www.semainedelecriture.fr\/wp-content\/uploads\/2023\/11\/Autres-1-v.jpg\" alt=\"\" class=\"wp-image-23993\"\/><\/a><\/figure><\/div>\n\n\n<p class=\"has-text-align-center\"><strong>2e<\/strong> : Ibrahim <strong>KONE <\/strong>\/\/ LP <strong>Auguste Aymard<\/strong> &#8211; 43000 ESPALY-ST-MARCEL<\/p>\n\n\n<div class=\"wp-block-image\">\n<figure class=\"aligncenter size-large\"><a href=\"https:\/\/www.semainedelecriture.fr\/wp-content\/uploads\/2023\/11\/Autres-2.jpg\"><img decoding=\"async\" src=\"https:\/\/www.semainedelecriture.fr\/wp-content\/uploads\/2023\/11\/Autres-2-v.jpg\" alt=\"\"\/><\/a><\/figure><\/div>\n\n\n<p class=\"has-text-align-center\"><strong>3e<\/strong> : Elif <strong>Y.<\/strong> \/\/ <strong>ESEM <\/strong>&#8211; 69677 BRON<\/p>\n\n\n<div class=\"wp-block-image\">\n<figure class=\"aligncenter size-large\"><a href=\"https:\/\/www.semainedelecriture.fr\/wp-content\/uploads\/2023\/11\/Autres-3.jpg\"><img decoding=\"async\" src=\"https:\/\/www.semainedelecriture.fr\/wp-content\/uploads\/2023\/11\/Autres-3-v.jpg\" alt=\"\"\/><\/a><\/figure><\/div>\n\n\n<p class=\"has-text-align-center\"><strong>4e :<\/strong> Kylian <strong>PRENTOUT <\/strong>\/\/ lyc\u00e9e <strong>Paul Cornu<\/strong> &#8211; 14100 LISIEUX<\/p>\n\n\n\n<p class=\"has-text-align-center\"><strong>5e :<\/strong> Masoma <strong>HABIBI <\/strong>\/\/ lyc\u00e9e <strong>le Corbusier<\/strong> &#8211; 95240 CORMEILLES-EN-PARISY<\/p>\n\n\n\n<p class=\"has-text-align-center\"><strong>6e :<\/strong> Zoubeir <strong>ALI <\/strong>\/\/ lyc\u00e9e <strong>Arthur Rimbaud<\/strong> &#8211; 95140 GARGES-LES-GONESSE<\/p>\n\n\n\n<p class=\"has-text-align-center\"><strong>7e :<\/strong> Aubin <strong>PROST <\/strong>\/\/ <strong>\u00e9criture \u00e9motion<\/strong> &#8211; 73320 RUFFIEUX<\/p>\n\n\n\n<p class=\"has-text-align-center\"><strong>8e :<\/strong> Zenab <strong>DIAKITE <\/strong>\/\/ lyc\u00e9e <strong>le Corbusier<\/strong> &#8211; 95240 CORMEILLES-EN-PARISY<\/p>\n\n\n\n<p class=\"has-text-align-center\"><strong>9e :<\/strong> Alhassane <strong>DIALLO <\/strong>\/\/ LP <strong>Auguste Aymard<\/strong> &#8211; 43000 ESPALY-ST-MAECEL<\/p>\n\n\n\n<p class=\"has-text-align-center\">&nbsp;&nbsp;&nbsp;&nbsp;&nbsp;&nbsp;&nbsp;&nbsp;&nbsp;&nbsp;&nbsp;&nbsp;<strong>10e :<\/strong> Souleymane <strong>SOUMBOUNOU <\/strong>\/\/ lyc\u00e9e <strong>le Corbusier<\/strong> &#8211; 95240 CORMEILLES-EN-PARISY<\/p>\n\n\n\n<hr class=\"wp-block-separator has-css-opacity\"\/>\n\n\n\n<h4 class=\"has-text-align-center wp-block-heading\" id=\"AD\">Adultes<\/h4>\n\n\n\n<p class=\"has-text-align-center\"><strong>1er<\/strong> : Nadine <strong>MAURY AUTHIER<\/strong> &#8211; 47220 ASTAFFORT<\/p>\n\n\n<div class=\"wp-block-image\">\n<figure class=\"aligncenter size-large\"><a href=\"https:\/\/www.semainedelecriture.fr\/wp-content\/uploads\/2023\/11\/Adultes-1.jpg\"><img decoding=\"async\" src=\"https:\/\/www.semainedelecriture.fr\/wp-content\/uploads\/2023\/11\/Adultes-1-v.jpg\" alt=\"\"\/><\/a><\/figure><\/div>\n\n\n<p class=\"has-text-align-center\"><strong>2e<\/strong> : Isabelle <strong>ROCHE <\/strong>&#8211; 53600 ST-GEORGES-SUR-ERVE<\/p>\n\n\n<div class=\"wp-block-image\">\n<figure class=\"aligncenter size-large\"><a href=\"https:\/\/www.semainedelecriture.fr\/wp-content\/uploads\/2023\/11\/Adultes-2.jpg\"><img decoding=\"async\" src=\"https:\/\/www.semainedelecriture.fr\/wp-content\/uploads\/2023\/11\/Adultes-2-v.jpg\" alt=\"\"\/><\/a><\/figure><\/div>\n\n\n<p class=\"has-text-align-center\"><strong>3e<\/strong> : Cathleen <strong>BONESTEVE <\/strong>&#8211; 64390 SAUVETERRE-DE-BEARN<\/p>\n\n\n<div class=\"wp-block-image\">\n<figure class=\"aligncenter size-large\"><a href=\"https:\/\/www.semainedelecriture.fr\/wp-content\/uploads\/2023\/11\/Adultes-3.jpg\"><img decoding=\"async\" src=\"https:\/\/www.semainedelecriture.fr\/wp-content\/uploads\/2023\/11\/Adultes-3-v.jpg\" alt=\"\"\/><\/a><\/figure><\/div>\n\n\n<p class=\"has-text-align-center\"><strong>4e :<\/strong> Anh-Hoang <strong>NGUYEN&nbsp;<\/strong>&#8211;&nbsp;67160 WISSEMBOURG<\/p>\n\n\n\n<p class=\"has-text-align-center\"><strong>5e :<\/strong> Mich\u00e8le <strong>JULIEN&nbsp;<\/strong>&#8211;&nbsp;45800 ST-JEAN-DE-BRAYE<\/p>\n\n\n\n<p class=\"has-text-align-center\"><strong>6e :<\/strong> Lily <strong>MUSCAT&nbsp;<\/strong>&#8211;&nbsp;13100 AIX-EN-PROVENCE<\/p>\n\n\n\n<p class=\"has-text-align-center\"><strong>7e :<\/strong> Ang\u00e9lique <strong>THIAULT-BRISSAC&nbsp;<\/strong>&#8211;&nbsp;41130 SELLES-SUR-CHER<\/p>\n\n\n\n<p class=\"has-text-align-center\"><strong>8e :<\/strong> D\u00e9borah <strong>GERBER&nbsp;<\/strong>&#8211;&nbsp;67360 ESCHBACH<\/p>\n\n\n\n<p class=\"has-text-align-center\"><strong>9e :<\/strong> Pauline <strong>MAILLARD&nbsp;<\/strong>&#8211;&nbsp;14430 ST-LEGER-DUBOSQ<\/p>\n\n\n\n<p class=\"has-text-align-center\"><strong>10e :<\/strong> Martine <strong>FEODON&nbsp;<\/strong>&#8211;&nbsp;41130 SELLES-SUR-CHER<\/p>\n","protected":false},"excerpt":{"rendered":"<p>CP&nbsp;\/&nbsp;CE1-CE2 \/&nbsp;CM1-CM2 \/&nbsp;6e-5e \/&nbsp;4e-3e-Lyc\u00e9e \/&nbsp;Autres\/ Adultes CP 1er\u00a0:\u00a0Yannalyss MERT \/\/ \u00e9cole de Baignoire &#8211; 97225 LE MARIGOT 2e&nbsp;: Ellie CROCHEMORE DELON \/\/ \u00e9cole primaire &#8211; 10800 MOUSSEY 3e : T\u00e9o JEAN \/\/ \u00e9cole Noelle et Yves Duteil &#8211; 12160 BOUSSAC &hellip; <a href=\"https:\/\/www.semainedelecriture.fr\/index.php\/2023\/11\/30\/laureats-du-concours-2023\/\">Lire la suite\u00ad\u00ad<\/a><\/p>\n","protected":false},"author":1,"featured_media":22506,"comment_status":"closed","ping_status":"open","sticky":false,"template":"","format":"standard","meta":{"_mi_skip_tracking":false,"kt_blocks_editor_width":"","footnotes":""},"categories":[3,8,4],"tags":[],"class_list":["post-23909","post","type-post","status-publish","format-standard","has-post-thumbnail","hentry","category-acc","category-actu","category-lau"],"_links":{"self":[{"href":"https:\/\/www.semainedelecriture.fr\/index.php\/wp-json\/wp\/v2\/posts\/23909","targetHints":{"allow":["GET"]}}],"collection":[{"href":"https:\/\/www.semainedelecriture.fr\/index.php\/wp-json\/wp\/v2\/posts"}],"about":[{"href":"https:\/\/www.semainedelecriture.fr\/index.php\/wp-json\/wp\/v2\/types\/post"}],"author":[{"embeddable":true,"href":"https:\/\/www.semainedelecriture.fr\/index.php\/wp-json\/wp\/v2\/users\/1"}],"replies":[{"embeddable":true,"href":"https:\/\/www.semainedelecriture.fr\/index.php\/wp-json\/wp\/v2\/comments?post=23909"}],"version-history":[{"count":33,"href":"https:\/\/www.semainedelecriture.fr\/index.php\/wp-json\/wp\/v2\/posts\/23909\/revisions"}],"predecessor-version":[{"id":24105,"href":"https:\/\/www.semainedelecriture.fr\/index.php\/wp-json\/wp\/v2\/posts\/23909\/revisions\/24105"}],"wp:featuredmedia":[{"embeddable":true,"href":"https:\/\/www.semainedelecriture.fr\/index.php\/wp-json\/wp\/v2\/media\/22506"}],"wp:attachment":[{"href":"https:\/\/www.semainedelecriture.fr\/index.php\/wp-json\/wp\/v2\/media?parent=23909"}],"wp:term":[{"taxonomy":"category","embeddable":true,"href":"https:\/\/www.semainedelecriture.fr\/index.php\/wp-json\/wp\/v2\/categories?post=23909"},{"taxonomy":"post_tag","embeddable":true,"href":"https:\/\/www.semainedelecriture.fr\/index.php\/wp-json\/wp\/v2\/tags?post=23909"}],"curies":[{"name":"wp","href":"https:\/\/api.w.org\/{rel}","templated":true}]}}