{"id":4848,"date":"2018-09-20T21:26:20","date_gmt":"2018-09-20T19:26:20","guid":{"rendered":"http:\/\/www.semainedelecriture.fr\/?p=4848"},"modified":"2020-09-02T12:02:06","modified_gmt":"2020-09-02T10:02:06","slug":"dates-et-theme-2018","status":"publish","type":"post","link":"https:\/\/www.semainedelecriture.fr\/index.php\/2018\/09\/20\/dates-et-theme-2018\/","title":{"rendered":"Dates et th\u00e8me 2018"},"content":{"rendered":"<p style=\"text-align: center;\"><img loading=\"lazy\" decoding=\"async\" class=\"size-medium wp-image-367 aligncenter\" src=\"https:\/\/www.semainedelecriture.fr\/wp-content\/uploads\/2017\/07\/carte-finale-300x213.jpg\" alt=\"\" width=\"300\" height=\"213\" srcset=\"https:\/\/www.semainedelecriture.fr\/wp-content\/uploads\/2017\/07\/carte-finale-300x213.jpg 300w, https:\/\/www.semainedelecriture.fr\/wp-content\/uploads\/2017\/07\/carte-finale-768x545.jpg 768w, https:\/\/www.semainedelecriture.fr\/wp-content\/uploads\/2017\/07\/carte-finale-1024x726.jpg 1024w, https:\/\/www.semainedelecriture.fr\/wp-content\/uploads\/2017\/07\/carte-finale.jpg 1748w\" sizes=\"auto, (max-width: 300px) 100vw, 300px\" \/><\/p>\n<p style=\"text-align: center;\">La Semaine de l&rsquo;\u00e9criture 2018 se d\u00e9roulera :<\/p>\n<h3 style=\"text-align: center;\">du 1er au 8 octobre 2018<\/h3>\n<p style=\"text-align: center;\">Le th\u00e8me de cette ann\u00e9e est :<\/p>\n<h3 style=\"text-align: center;\">\u00ab\u00a0Le Futur\u00a0\u00bb<\/h3>\n<p style=\"text-align: center;\">Nous esp\u00e9rons que vous serez nombreux \u00e0 participer.<\/p>\n","protected":false},"excerpt":{"rendered":"<p>La Semaine de l&rsquo;\u00e9criture 2018 se d\u00e9roulera : du 1er au 8 octobre 2018 Le th\u00e8me de cette ann\u00e9e est : \u00ab\u00a0Le Futur\u00a0\u00bb Nous esp\u00e9rons que vous serez nombreux \u00e0 participer.<\/p>\n","protected":false},"author":1,"featured_media":4835,"comment_status":"closed","ping_status":"open","sticky":false,"template":"","format":"standard","meta":{"_mi_skip_tracking":false,"kt_blocks_editor_width":"","footnotes":""},"categories":[11],"tags":[],"class_list":["post-4848","post","type-post","status-publish","format-standard","has-post-thumbnail","hentry","category-archive"],"_links":{"self":[{"href":"https:\/\/www.semainedelecriture.fr\/index.php\/wp-json\/wp\/v2\/posts\/4848","targetHints":{"allow":["GET"]}}],"collection":[{"href":"https:\/\/www.semainedelecriture.fr\/index.php\/wp-json\/wp\/v2\/posts"}],"about":[{"href":"https:\/\/www.semainedelecriture.fr\/index.php\/wp-json\/wp\/v2\/types\/post"}],"author":[{"embeddable":true,"href":"https:\/\/www.semainedelecriture.fr\/index.php\/wp-json\/wp\/v2\/users\/1"}],"replies":[{"embeddable":true,"href":"https:\/\/www.semainedelecriture.fr\/index.php\/wp-json\/wp\/v2\/comments?post=4848"}],"version-history":[{"count":2,"href":"https:\/\/www.semainedelecriture.fr\/index.php\/wp-json\/wp\/v2\/posts\/4848\/revisions"}],"predecessor-version":[{"id":11370,"href":"https:\/\/www.semainedelecriture.fr\/index.php\/wp-json\/wp\/v2\/posts\/4848\/revisions\/11370"}],"wp:featuredmedia":[{"embeddable":true,"href":"https:\/\/www.semainedelecriture.fr\/index.php\/wp-json\/wp\/v2\/media\/4835"}],"wp:attachment":[{"href":"https:\/\/www.semainedelecriture.fr\/index.php\/wp-json\/wp\/v2\/media?parent=4848"}],"wp:term":[{"taxonomy":"category","embeddable":true,"href":"https:\/\/www.semainedelecriture.fr\/index.php\/wp-json\/wp\/v2\/categories?post=4848"},{"taxonomy":"post_tag","embeddable":true,"href":"https:\/\/www.semainedelecriture.fr\/index.php\/wp-json\/wp\/v2\/tags?post=4848"}],"curies":[{"name":"wp","href":"https:\/\/api.w.org\/{rel}","templated":true}]}}