{"id":90,"date":"2017-05-10T18:21:35","date_gmt":"2017-05-10T16:21:35","guid":{"rendered":"http:\/\/www.semainedelecriture.fr\/V3\/?p=90"},"modified":"2020-09-02T11:59:50","modified_gmt":"2020-09-02T09:59:50","slug":"ceremonie-de-remise-de-prix","status":"publish","type":"post","link":"https:\/\/www.semainedelecriture.fr\/index.php\/2017\/05\/10\/ceremonie-de-remise-de-prix\/","title":{"rendered":"C\u00e9r\u00e9monie de remise de prix"},"content":{"rendered":"<hr>\n<h5 style=\"text-align: center;\">La c\u00e9r\u00e9monie de remise des prix s&rsquo;est d\u00e9roul\u00e9e le 21 d\u00e9cembre dernier<\/h5>\n<p><img loading=\"lazy\" decoding=\"async\" class=\"aligncenter wp-image-93 size-full\" src=\"https:\/\/www.semainedelecriture.fr\/wp-content\/uploads\/2017\/05\/ceremonie1.jpg\" alt=\"\" width=\"700\" height=\"447\" srcset=\"https:\/\/www.semainedelecriture.fr\/wp-content\/uploads\/2017\/05\/ceremonie1.jpg 700w, https:\/\/www.semainedelecriture.fr\/wp-content\/uploads\/2017\/05\/ceremonie1-300x192.jpg 300w, https:\/\/www.semainedelecriture.fr\/wp-content\/uploads\/2017\/05\/ceremonie1-80x50.jpg 80w\" sizes=\"auto, (max-width: 700px) 100vw, 700px\" \/><\/p>\n<div style=\"display: block; text-align: center;\">Enrik 17-20 ans<\/div>\n<div style=\"display: block; text-align: center;\">&nbsp;<\/div>\n<div style=\"display: block; text-align: center;\">&nbsp;<\/div>\n<div style=\"display: block; text-align: center;\"><img loading=\"lazy\" decoding=\"async\" class=\"aligncenter wp-image-215 size-full\" src=\"https:\/\/www.semainedelecriture.fr\/wp-content\/uploads\/2017\/05\/Nathan_6_8_ceremonie.jpg\" alt=\"\" width=\"352\" height=\"500\" srcset=\"https:\/\/www.semainedelecriture.fr\/wp-content\/uploads\/2017\/05\/Nathan_6_8_ceremonie.jpg 352w, https:\/\/www.semainedelecriture.fr\/wp-content\/uploads\/2017\/05\/Nathan_6_8_ceremonie-211x300.jpg 211w\" sizes=\"auto, (max-width: 352px) 100vw, 352px\" \/><\/div>\n<div style=\"display: block; text-align: center;\">Nathan 6-8 ans<\/div>\n<div style=\"display: block; text-align: center;\">&nbsp;<\/div>\n<div style=\"display: block; text-align: center;\">&nbsp;<\/div>\n<div style=\"display: block; text-align: center;\"><img loading=\"lazy\" decoding=\"async\" class=\"aligncenter wp-image-216 size-full\" src=\"https:\/\/www.semainedelecriture.fr\/wp-content\/uploads\/2017\/05\/Roxane_2_13_16_ceremonie.jpg\" alt=\"\" width=\"500\" height=\"302\" srcset=\"https:\/\/www.semainedelecriture.fr\/wp-content\/uploads\/2017\/05\/Roxane_2_13_16_ceremonie.jpg 500w, https:\/\/www.semainedelecriture.fr\/wp-content\/uploads\/2017\/05\/Roxane_2_13_16_ceremonie-300x181.jpg 300w\" sizes=\"auto, (max-width: 500px) 100vw, 500px\" \/><\/div>\n<div style=\"display: block; text-align: center;\">&nbsp;<\/div>\n<p style=\"text-align: center;\">Roxanne 13-16 ans<\/p>\n<hr>\n","protected":false},"excerpt":{"rendered":"<p>La c\u00e9r\u00e9monie de remise des prix s&rsquo;est d\u00e9roul\u00e9e le 21 d\u00e9cembre dernier Enrik 17-20 ans &nbsp; &nbsp; Nathan 6-8 ans &nbsp; &nbsp; &nbsp; Roxanne 13-16 ans<\/p>\n","protected":false},"author":1,"featured_media":93,"comment_status":"closed","ping_status":"open","sticky":false,"template":"","format":"standard","meta":{"_mi_skip_tracking":false,"kt_blocks_editor_width":"","footnotes":""},"categories":[11,1],"tags":[],"class_list":["post-90","post","type-post","status-publish","format-standard","has-post-thumbnail","hentry","category-archive","category-non-classe"],"_links":{"self":[{"href":"https:\/\/www.semainedelecriture.fr\/index.php\/wp-json\/wp\/v2\/posts\/90","targetHints":{"allow":["GET"]}}],"collection":[{"href":"https:\/\/www.semainedelecriture.fr\/index.php\/wp-json\/wp\/v2\/posts"}],"about":[{"href":"https:\/\/www.semainedelecriture.fr\/index.php\/wp-json\/wp\/v2\/types\/post"}],"author":[{"embeddable":true,"href":"https:\/\/www.semainedelecriture.fr\/index.php\/wp-json\/wp\/v2\/users\/1"}],"replies":[{"embeddable":true,"href":"https:\/\/www.semainedelecriture.fr\/index.php\/wp-json\/wp\/v2\/comments?post=90"}],"version-history":[{"count":10,"href":"https:\/\/www.semainedelecriture.fr\/index.php\/wp-json\/wp\/v2\/posts\/90\/revisions"}],"predecessor-version":[{"id":11376,"href":"https:\/\/www.semainedelecriture.fr\/index.php\/wp-json\/wp\/v2\/posts\/90\/revisions\/11376"}],"wp:featuredmedia":[{"embeddable":true,"href":"https:\/\/www.semainedelecriture.fr\/index.php\/wp-json\/wp\/v2\/media\/93"}],"wp:attachment":[{"href":"https:\/\/www.semainedelecriture.fr\/index.php\/wp-json\/wp\/v2\/media?parent=90"}],"wp:term":[{"taxonomy":"category","embeddable":true,"href":"https:\/\/www.semainedelecriture.fr\/index.php\/wp-json\/wp\/v2\/categories?post=90"},{"taxonomy":"post_tag","embeddable":true,"href":"https:\/\/www.semainedelecriture.fr\/index.php\/wp-json\/wp\/v2\/tags?post=90"}],"curies":[{"name":"wp","href":"https:\/\/api.w.org\/{rel}","templated":true}]}}